{"provider_url": "https://www.franciscobeltrao.pr.leg.br", "title": "TEA foi tema de Audi\u00eancia P\u00fablica ", "html": "<p><span>\u00a0 \u00a0 \u00a0 \u00a0Na noite de ter\u00e7a-feira (28) o plen\u00e1rio da C\u00e2mara de Vereadores de Francisco Beltr\u00e3o ficou lotado na Audi\u00eancia P\u00fablica realizada para debater um importante tema, a situa\u00e7\u00e3o atual dos atendimentos, servi\u00e7os e estrutura dispon\u00edveis no setor p\u00fablico, demandas existentes e encaminhamentos voltados \u00e0s pessoas com TEA (Transtorno de Espectro Autista).</span></p>\r\n<p>\u00a0\u00a0\u00a0\u00a0\u00a0 O encontro foi marcado por exposi\u00e7\u00f5es e depoimentos importantes e emocionantes de familiares de pessoas com TEA. Participaram vereadores, representantes das secretarias municipais de Sa\u00fade, Educa\u00e7\u00e3o e Assist\u00eancia Social, do Conselho Municipal dos Direitos da Pessoa com Defici\u00eancia, profissionais especializados, entidades representativas e familiares de pessoas com autismo.</p>\r\n<p>\u00a0\u00a0\u00a0\u00a0\u00a0 O principal objetivo foi apresentar a estrutura existente e, principalmente, levantar demandas que visam ampliar e melhorar os servi\u00e7os prestados. A iniciativa da Audi\u00eancia P\u00fablica partiu dos vereadores Pedro Tuf\u00e3o Filho, Aline Biezus, Adolfo Pegoraro, Maria de F\u00e1tima e Silmar Gallina, em fun\u00e7\u00e3o da crescente demanda relacionada ao TEA em Beltr\u00e3o, realidade que tem mobilizado as fam\u00edlias em busca de diagn\u00f3stico precoce, acompanhamento especializado, inclus\u00e3o escolar, acesso a servi\u00e7os adequados de sa\u00fade e de assist\u00eancia socia.</p>\r\n<p>\u00a0\u00a0\u00a0\u00a0 \u201cEsse \u00e9 um tema de muita relev\u00e2ncia e que vem sendo abordado com frequ\u00eancia no Poder Legislativo. Procuramos envolver toda a estrutura do servi\u00e7o p\u00fablico e de outros setores organizados da sociedade para ampliar o debate e buscar solu\u00e7\u00f5es para os problemas verificados atualmente\u201d, destacam os vereadores que organizaram o encontro.</p>\r\n<p>\u00a0\u00a0\u00a0\u00a0\u00a0 Tamb\u00e9m relatam que existem desafios significativos enfrentados pelas fam\u00edlias, especialmente no que se refere ao acesso a terapias multidisciplinares, disponibilidade de profissionais especializados e suporte educacional inclusivo, demandas que ficaram evidentes durante o debate. A partir das prioridades elencadas na Audi\u00eancia, atrav\u00e9s desta escuta ativa das fam\u00edlias e da comunidade, a C\u00e2mara de Vereadores far\u00e1 os encaminhamentos e vai propor a busca de solu\u00e7\u00f5es o mais breve poss\u00edvel, dentro de um planejamento para o futuro.</p>\r\n<p>\u00a0\u00a0\u00a0\u00a0 A Audi\u00eancia P\u00fablica \u00e9 um instrumento essencial de participa\u00e7\u00e3o popular e planejamento, permitindo que o Poder Legislativo cumpra seu papel fiscalizador e propositivo, colaborando para o aprimoramento das pol\u00edticas p\u00fablicas para a garantia de um atendimento digno, humanizado e efetivo das pessoas com Transtorno do Espectro Autista e suas fam\u00edlias. A Audi\u00eancia P\u00fablica foi transmitida ao vivo e o v\u00eddeo est\u00e1 dispon\u00edvel no YouTube da C\u00e2mara de vereadores.</p>", "author_name": "", "version": "1.0", "author_url": "https://www.franciscobeltrao.pr.leg.br/author/claudiney", "provider_name": "C\u00c2MARA DE VEREADORES", "type": "rich"}