{"provider_url": "https://www.franciscobeltrao.pr.leg.br", "title": "Parques e pra\u00e7as ganhar\u00e3o frald\u00e1rios ", "html": "<p><span>\u00a0 \u00a0 \u00a0 \u00a0A instala\u00e7\u00e3o de frald\u00e1rios em pra\u00e7as e parques p\u00fablicos de Francisco Beltr\u00e3o est\u00e1 prevista em uma lei aprovada nesta semana na C\u00e2mara de Francisco Beltr\u00e3o, de autoria da vereadora Maria de F\u00e1tima. A implanta\u00e7\u00e3o dever\u00e1 ocorrer gradualmente, conforme plano de execu\u00e7\u00e3o a ser definido pelo Executivo, observando crit\u00e9rios de prioridade baseados no fluxo de frequentadores, devendo iniciar pela pra\u00e7a central.</span></p>\r\n<p>\u00a0\u00a0\u00a0\u00a0\u00a0 \u201cA nossa meta \u00e9 assegurar melhores condi\u00e7\u00f5es de uso dos espa\u00e7os p\u00fablicos para os pais, m\u00e3es e respons\u00e1veis por crian\u00e7as de colo, garantindo dignidade, conforto e acessibilidade. A instala\u00e7\u00e3o de frald\u00e1rios em espa\u00e7os p\u00fablicos vai al\u00e9m de uma quest\u00e3o de conforto, \u00e9 uma a\u00e7\u00e3o de inclus\u00e3o social e respeito \u00e0 primeira inf\u00e2ncia. Ao permitir que fam\u00edlias tenham acesso a estruturas adequadas para a troca de fraldas, o munic\u00edpio promove o direito ao lazer, ao conv\u00edvio familiar e ocupa\u00e7\u00e3o dos espa\u00e7os urbanos com equidade\u201d, comenta Maria de F\u00e1tima.</p>\r\n<p>\u00a0\u00a0\u00a0\u00a0\u00a0 Pela lei, os frald\u00e1rios devem ser colocados em espa\u00e7os exclusivos de uso comum. \u00a0Devem possuir estrutura para a acomoda\u00e7\u00e3o segura do beb\u00ea, trocador com acolchoado e higieniz\u00e1vel, ponto de \u00e1gua corrente e sab\u00e3o, lixeira com tampa e acionamento sem contato manual e dispensador de papel toalha ou similar. \u201cEstamos garantindo uma a\u00e7\u00e3o concreta de prote\u00e7\u00e3o \u00e0 inf\u00e2ncia e fortalecimento das fam\u00edlias atrav\u00e9s de uma medida simples e de baixo custo, mas de alto impacto social\u201d, completa a vereadora proponente da lei.</p>\r\n<p>\u00a0</p>", "author_name": "", "version": "1.0", "author_url": "https://www.franciscobeltrao.pr.leg.br/author/claudiney", "provider_name": "C\u00c2MARA DE VEREADORES", "type": "rich"}