{"provider_url": "https://www.franciscobeltrao.pr.leg.br", "title": "M\u00e9dico palestra sobre Dia do Rim ", "html": "<p><span>\u00a0 \u00a0 \u00a0 O m\u00e9dico Nefrologista Paulo Fortes, diretor do Instituto do Rim do Sudoeste, participou da Sess\u00e3o da C\u00e2mara de Vereadores e Francisco Beltr\u00e3o na ter\u00e7a-feira (10), atendendo convite do vereador Silmar Gallina, para falar sobre o Dia Mundial do Rim, que ser\u00e1 celebrado nesta quinta-feira, 12 de mar\u00e7o.</span></p>\r\n<p>\u00a0\u00a0\u00a0\u00a0\u00a0 A data foi estipulada pela Sociedade Internacional de Nefrologia, sempre na segunda quinta-feira do m\u00eas de mar\u00e7o, para a\u00e7\u00f5es de conscientiza\u00e7\u00e3o sobre as doen\u00e7as renais cr\u00f4nicas, os cuidados de preven\u00e7\u00e3o e tratamentos existentes. A doen\u00e7a atinge 10% da popula\u00e7\u00e3o mundial e afeta pessoas de todas as idades.</p>\r\n<p>\u00a0\u00a0\u00a0\u00a0\u00a0 O instituto atua na preven\u00e7\u00e3o e tratamento de doen\u00e7as renais. Tamb\u00e9m realiza a\u00e7\u00f5es de conscientiza\u00e7\u00e3o, como campanhas em alus\u00e3o ao Dia Mundial do Rim. \u201cA informa\u00e7\u00e3o e a conscientiza\u00e7\u00e3o s\u00e3o fundamentais para orientar a nossa comunidade e n\u00e3o somente nesta data especial, mas de forma cont\u00ednua realizamos este trabalho\u201d, destaca o\u00a0 Dr. Paulo Fortes.</p>", "author_name": "", "version": "1.0", "author_url": "https://www.franciscobeltrao.pr.leg.br/author/claudiney", "provider_name": "C\u00c2MARA DE VEREADORES", "type": "rich"}