{"provider_url": "https://www.franciscobeltrao.pr.leg.br", "title": "C\u00e2mara vota o Or\u00e7amento de 2026 na pr\u00f3xima semana", "html": "<p><span>\u00a0 \u00a0 \u00a0 \u00a0Na Sess\u00e3o Ordin\u00e1ria da pr\u00f3xima segunda-feira, dia 1\u00ba de dezembro, a C\u00e2mara de Vereadores de Francisco Beltr\u00e3o vai debater dois importantes projetos que impactam diretamente na vida dos beltronenses e nos investimentos que ser\u00e3o realizados no munic\u00edpio nos pr\u00f3ximos anos. Um dos projetos \u00e9 a Lei Or\u00e7ament\u00e1ria Anual para 2026 e o outro o PPA (Plano Plurianual) para o per\u00edodo de 2026 a 2029.</span></p>\r\n<p>\u00a0\u00a0\u00a0\u00a0\u00a0\u00a0 O or\u00e7amento do munic\u00edpio para o ano que vem \u00e9 estimado em R$ 676.040.000,00, com a destina\u00e7\u00e3o de R$ 592 milh\u00f5es para os Poderes Executivo e Legislativo, R$ 84 milh\u00f5es para o Prevbel, que \u00e9 o fundo de aposentadoria dos servidores municipais, e R$ 40 mil para o IPPUB (Instituto de Pesquisa e Planejamento Urbano de Beltr\u00e3o).</p>\r\n<p>\u00a0\u00a0\u00a0\u00a0\u00a0 Os vereadores apresentaram 20 emendas, sendo 13 para o or\u00e7amento de 2026 e 7 para o Plano Plurianual. Apresentaram emendas os vereadores Cid\u00e3o Barbiero, Tiago Correa, Bruno Savarro, Dile Tonello, Emanuel Venzo, Silmar Gallina, Maria de F\u00e1tima e Mara Fornazari Urbano.</p>\r\n<p>\u00a0\u00a0\u00a0\u00a0\u00a0\u00a0 O objetivo \u00e9 garantir recursos para aquisi\u00e7\u00e3o de kits de materiais escolares para distribui\u00e7\u00e3o gratuita para os alunos da rede p\u00fablica, expans\u00e3o das vagas nos CMEIs e para o Ensino Integral, revitaliza\u00e7\u00e3o dos pr\u00e9dios das escolas municipais e dos CMEIs, realiza\u00e7\u00e3o de eventos culturais e esportivos, investimentos para melhorias e seguran\u00e7a no tr\u00e2nsito, constru\u00e7\u00e3o de cal\u00e7adas, para a causa animal, fortalecimento das pol\u00edticas p\u00fablicas para as mulheres, revitaliza\u00e7\u00e3o da pra\u00e7a e do campo do bairro S\u00e3o Miguel, revitaliza\u00e7\u00e3o da pra\u00e7a do bairro Marrecas e do centro comunit\u00e1rio do Rio 14, dentre outros pleitos.</p>", "author_name": "", "version": "1.0", "author_url": "https://www.franciscobeltrao.pr.leg.br/author/claudiney", "provider_name": "C\u00c2MARA DE VEREADORES", "type": "rich"}