{"provider_url": "https://www.franciscobeltrao.pr.leg.br", "title": "C\u00e2mara inicia o Ano Legislativo ", "html": "<p><span>\u00a0 \u00a0 \u00a0 \u00a0A C\u00e2mara de Vereadores de Francisco Beltr\u00e3o realizou nesta segunda-feira (03) a Sess\u00e3o Ordin\u00e1ria de abertura oficial do Ano Legislativo de 2025. O prefeito Antonio Pedron, acompanhado da vice-prefeita Lurdinha Bertani, apresentou o relat\u00f3rio sobre as obras e a\u00e7\u00f5es planejadas pelo Executivo para o decorrer de 2025, bem como um balan\u00e7o financeiro. A presen\u00e7a do prefeito na primeira Sess\u00e3o Ordin\u00e1ria do ano est\u00e1 prevista no Regimento Interno do Legislativo.</span></p>\r\n<p>\u00a0\u00a0\u00a0\u00a0\u00a0\u00a0\u00a0 Na sequ\u00eancia a secret\u00e1ria C\u00edntia Ramos, da Sa\u00fade, fez uma explana\u00e7\u00e3o sobre a sua pasta, citando as prioridades de investimentos nos pr\u00f3ximos meses. A partir de agora as sess\u00f5es acontecem nas segundas e ter\u00e7as-feiras, a partir das 14h00. Em janeiro, mesmo no per\u00edodo de recesso, foram realizadas tr\u00eas Sess\u00f5es Extraordin\u00e1rias para a vota\u00e7\u00e3o de mat\u00e9rias consideradas urgentes.</p>\r\n<p>\u00a0\u00a0\u00a0\u00a0\u00a0\u00a0\u00a0\u00a0\u00a0\u00a0\u00a0\u00a0\u00a0\u00a0\u00a0\u00a0\u00a0\u00a0\u00a0\u00a0\u00a0\u00a0\u00a0\u00a0\u00a0\u00a0\u00a0\u00a0\u00a0\u00a0\u00a0\u00a0\u00a0\u00a0\u00a0\u00a0\u00a0\u00a0\u00a0\u00a0\u00a0\u00a0\u00a0\u00a0\u00a0\u00a0\u00a0\u00a0 Comiss\u00e3o de \u00c9tica</p>\r\n<p>\u00a0\u00a0\u00a0\u00a0\u00a0\u00a0\u00a0\u00a0 Durante a sess\u00e3o tamb\u00e9m houve a elei\u00e7\u00e3o da Comiss\u00e3o de \u00c9tica e Decoro Parlamentar da C\u00e2mara para o bi\u00eanio 2025/2026. Foram eleitas como titulares as vereadoras Anelise Marx, Mara Fornazari Urbano e Maria de F\u00e1tima Ize Niclotte. Para a supl\u00eancia foram eleitos os vereadores Julio Spada (1\u00ba suplente), PedroTuf\u00e3o Filho (2\u00ba suplente) e Bruno Savarro (3\u00ba suplente).</p>", "author_name": "", "version": "1.0", "author_url": "https://www.franciscobeltrao.pr.leg.br/author/claudiney", "provider_name": "C\u00c2MARA DE VEREADORES", "type": "rich"}