{"provider_url": "https://www.franciscobeltrao.pr.leg.br", "title": "C\u00e2mara abre o Ano Legislativo ", "html": "<p><span>\u00a0 \u00a0 \u00a0 \u00a0Nesta segunda-feira, dia 03 de fevereiro, \u00e0s 14h00, a C\u00e2mara de Vereadores de Francisco Beltr\u00e3o realiza a Sess\u00e3o Ordin\u00e1ria que marca a abertura oficial do Ano Legislativo de 2025. Em janeiro, mesmo no per\u00edodo de recesso, foram realizadas tr\u00eas Sess\u00f5es Extraordin\u00e1rias para a vota\u00e7\u00e3o de mat\u00e9rias consideradas urgentes. A partir de agora as sess\u00f5es acontecer\u00e3o todas as semanas, nas segundas e ter\u00e7as-feiras.</span></p>\r\n<p>\u00a0\u00a0\u00a0\u00a0\u00a0\u00a0 Conforme prev\u00ea o Regimento Interno do Legislativo, na primeira Sess\u00e3o Ordin\u00e1ria do ano o prefeito deve comparecer para apresentar um relat\u00f3rio sobre as obras e a\u00e7\u00f5es planejadas pelo Executivo para o decorrer de 2025. Com isso, o prefeito Antonio Pedron far\u00e1 esta explana\u00e7\u00e3o. Projetos e requerimentos come\u00e7am a ser debatidos e votados a partir da ter\u00e7a-feira (04).</p>\r\n<p>\u00a0\u00a0\u00a0\u00a0\u00a0\u00a0 \u201cNesta legislatura passamos a contar com 17 vereadores, aumentando a representatividade do Poder Legislativo perante a comunidade. Todos j\u00e1 vem trabalhando ativamente desde o in\u00edcio do ano e certamente 2025 ser\u00e1 marcante em fun\u00e7\u00e3o da atua\u00e7\u00e3o que todos ter\u00e3o\u201d, comenta o presidente Cid\u00e3o Barbiero.</p>", "author_name": "", "version": "1.0", "author_url": "https://www.franciscobeltrao.pr.leg.br/author/claudiney", "provider_name": "C\u00c2MARA DE VEREADORES", "type": "rich"}