{"provider_url": "https://www.franciscobeltrao.pr.leg.br", "title": "ATO DA MESA N\u00ba 01/2020 - Covid-19", "html": "<p align=\"center\"><b><a title=\"\" href=\"https://www.franciscobeltrao.pr.leg.br/transparencia/informacoes-gerais/ato-da-mesa/ato-da-mesa-no-01-2020\" class=\"internal-link\" target=\"_self\">ATO DA MESA N\u00ba 01/2020</a></b></p>\r\n<p align=\"center\">19 de mar\u00e7o de 2020</p>\r\n<p>\u00a0<span>A MESA DIRETORA, no uso de suas atribui\u00e7\u00f5es legais e regimentais,</span></p>\r\n<p><span>CONSIDERANDO que a doen\u00e7a COVID-19, causa pelo Coronav\u00edrus SARS-CoV2, foi classificada pela Organiza\u00e7\u00e3o Mundial de Sa\u00fade \u2013 OMS como uma pandemia;</span></p>\r\n<p><span>CONSIDERANDO a alta capacidade de cont\u00e1gio e propaga\u00e7\u00e3o do v\u00edrus;</span></p>\r\n<p><span>CONSIDERANDO os recentes protocolos emitidos pelo Minist\u00e9rio da Sa\u00fade e pela Organiza\u00e7\u00e3o Mundial de Sa\u00fade;</span></p>\r\n<p><span>CONSIDERANDO o teor da Lei Federal n\u00ba 13.979, de 6 de fevereiro de 2020;</span></p>\r\n<p><span></span><span>CONSIDERANDO o contido na Portaria n\u00ba 356, de 11 de mar\u00e7o de 2020, do Minist\u00e9rio da Sa\u00fade;</span></p>\r\n<p><span>CONSIDERANDO o contido no Decreto n\u00ba 4.230, de 16 de mar\u00e7o de 2020, do Governo do Estado do Paran\u00e1;</span></p>\r\n<p><span>CONSIDERANDO a necessidade da ado\u00e7\u00e3o de medidas imediatas visando a conten\u00e7\u00e3o da propaga\u00e7\u00e3o do v\u00edrus,</span></p>\r\n<p style=\"text-align: center; \">\u00a0<b style=\"text-align: center; \">R E S O L V E:</b></p>\r\n<p>\u00a0<span>Art. 1\u00b0 Este Ato disp\u00f5e sobre medidas tempor\u00e1rias a serem adotadas, no \u00e2mbito da C\u00e2mara Municipal de Francisco Beltr\u00e3o, para minimizar a propaga\u00e7\u00e3o do Covid-19.</span></p>\r\n<p class=\"WW-Corpodetexto2\">\u00a0<span>Art. 2\u00ba Fica suspensa a presen\u00e7a de p\u00fablico durante as sess\u00f5es ordin\u00e1rias e extraordin\u00e1rias desta Casa de Leis, pelo prazo de 45 dias a contar da publica\u00e7\u00e3o deste Ato, sendo permitida apenas a presen\u00e7a de vereadores, autoridades convocadas ou convidadas, profissionais de imprensa e servidores da Casa de Leis.</span><span>\u00a0</span></p>\r\n<p class=\"WW-Corpodetexto2\">Art. 3\u00ba As sess\u00f5es ordin\u00e1rias e extraordin\u00e1rias, com vistas a dar publicidade aos atos legislativos, ser\u00e3o transmitidas em tempo real, atrav\u00e9s de \u00e1udio e v\u00eddeo junto a rede social facebook, na fanpage da C\u00e2mara Municipal.</p>\r\n<p class=\"WW-Corpodetexto2\">\u00a0<span>Art. 4\u00ba Os vereadores portadores de doen\u00e7as cr\u00f4nicas, problemas respirat\u00f3rios, gestantes e lactantes, bem como aqueles acima de 60 (sessenta) anos, est\u00e3o dispensados do comparecimento obrigat\u00f3rio nas sess\u00f5es legislativas, devendo, contudo, comunicar \u00e0 Presid\u00eancia por escrito, para fins de abono de falta \u00e0s sess\u00f5es.</span></p>\r\n<p class=\"WW-Corpodetexto2\">\u00a0<span>Art. 5\u00ba O vereador que apresentar quaisquer dos sintomas do COVID-19, mediante comunica\u00e7\u00e3o por escrito, estar\u00e1 dispensado da presen\u00e7a obrigat\u00f3ria nas sess\u00f5es legislativas, no prazo de 14 (quatorze dias), sem preju\u00edzo de eventual licen\u00e7a m\u00e9dica que necessite, sendo a falta considerada justificada.</span></p>\r\n<p class=\"WW-Corpodetexto2\">\u00a0<span>Art. 6\u00ba Recomenda-se aos servidores e vereadores, bem como a popula\u00e7\u00e3o em geral, que sigam os protocolos de sa\u00fade, evitando aglomera\u00e7\u00f5es, praticando atos de higieniza\u00e7\u00e3o e n\u00e3o deslocando-se a outros munic\u00edpios.</span></p>\r\n<p class=\"WW-Corpodetexto2\">\u00a0<span>Art. 7\u00ba Recomenda-se aos servidores e vereadores, bem como a popula\u00e7\u00e3o em geral, que se deslocarem a munic\u00edpios/pa\u00edses onde j\u00e1 existam casos confirmados de Covid-19, que permane\u00e7am em isolamento domiciliar volunt\u00e1rio pelo prazo de 7 dias, independentemente da apresenta\u00e7\u00e3o de sintomas.</span></p>\r\n<p class=\"WW-Corpodetexto2\">\u00a0<span>Art. 8\u00ba As medidas descritas no presente Ato t\u00eam a vig\u00eancia de 45 (quarenta e cinco) dias contados a partir da sua publica\u00e7\u00e3o, podendo este prazo ser prorrogado por decis\u00e3o da Mesa Diretora.</span></p>\r\n<p class=\"WW-Corpodetexto2\">\u00a0<span>\u00a0 \u00a0 \u00a0 \u00a0 \u00a0 \u00a0 Sala das Sess\u00f5es da C\u00e2mara Municipal de Vereadores de Francisco Beltr\u00e3o \u2013 Estado do Paran\u00e1, em 19 de mar\u00e7o de 2020.</span></p>\r\n<p class=\"WW-Corpodetexto2\">\u00a0</p>\r\n<p class=\"WW-Corpodetexto2\" style=\"text-align: center; \">\u00a0<span>JOS\u00c9 CARLOS KNIPHOFF\u00a0\u00a0\u00a0\u00a0\u00a0\u00a0\u00a0\u00a0\u00a0\u00a0\u00a0\u00a0\u00a0\u00a0\u00a0 \u00a0\u00a0\u00a0\u00a0\u00a0\u00a0\u00a0\u00a0\u00a0\u00a0\u00a0\u00a0\u00a0\u00a0\u00a0\u00a0\u00a0\u00a0\u00a0\u00a0VALMIR ANTONIO TONELLO</span></p>\r\n<p class=\"WW-Corpodetexto2\" style=\"text-align: center; \">\u00a0 \u00a0Presidente\u00a0\u00a0\u00a0\u00a0\u00a0\u00a0\u00a0\u00a0\u00a0\u00a0\u00a0\u00a0\u00a0\u00a0\u00a0\u00a0\u00a0\u00a0\u00a0\u00a0\u00a0\u00a0\u00a0\u00a0\u00a0\u00a0\u00a0\u00a0\u00a0\u00a0\u00a0\u00a0\u00a0\u00a0\u00a0\u00a0\u00a0\u00a0\u00a0\u00a0\u00a0\u00a0\u00a0\u00a0\u00a0\u00a0\u00a0\u00a0\u00a0\u00a0\u00a0\u00a0\u00a0\u00a0\u00a0\u00a0\u00a0\u00a0\u00a0\u00a0\u00a0\u00a0 Vice-Presidente</p>\r\n<p class=\"WW-Corpodetexto2\" style=\"text-align: center; \">\u00a0</p>\r\n<p class=\"WW-Corpodetexto2\" style=\"text-align: center; \">\u00a0\u00a0\u00a0\u00a0\u00a0 DANIELA CELUPPI\u00a0\u00a0\u00a0\u00a0\u00a0\u00a0\u00a0\u00a0\u00a0\u00a0\u00a0\u00a0\u00a0\u00a0\u00a0\u00a0\u00a0\u00a0\u00a0\u00a0\u00a0\u00a0\u00a0\u00a0\u00a0\u00a0\u00a0\u00a0\u00a0\u00a0\u00a0\u00a0\u00a0\u00a0\u00a0\u00a0\u00a0\u00a0\u00a0\u00a0\u00a0\u00a0\u00a0\u00a0\u00a0\u00a0\u00a0 ADEMIR WALENDOLFF</p>\r\n<p class=\"WW-Corpodetexto2\" style=\"text-align: center; \">\u00a0 \u00a0 1\u00aa Secret\u00e1ria\u00a0\u00a0\u00a0\u00a0\u00a0\u00a0\u00a0\u00a0\u00a0\u00a0\u00a0\u00a0\u00a0\u00a0\u00a0\u00a0\u00a0\u00a0\u00a0\u00a0\u00a0\u00a0\u00a0\u00a0\u00a0\u00a0\u00a0\u00a0\u00a0\u00a0\u00a0\u00a0\u00a0\u00a0\u00a0\u00a0\u00a0\u00a0\u00a0\u00a0\u00a0\u00a0\u00a0\u00a0\u00a0\u00a0\u00a0\u00a0\u00a0\u00a0\u00a0\u00a0\u00a0\u00a0\u00a0\u00a0\u00a0\u00a0\u00a0\u00a0\u00a0\u00a0\u00a0 2\u00ba Secret\u00e1rio</p>", "author_name": "", "version": "1.0", "author_url": "https://www.franciscobeltrao.pr.leg.br/author/adm", "provider_name": "C\u00c2MARA DE VEREADORES", "type": "rich"}