{"provider_url": "https://www.franciscobeltrao.pr.leg.br", "title": "Aplica\u00e7\u00e3o dos recursos do Fundeb ", "html": "<p><span>\u00a0 \u00a0 \u00a0 \u00a0Compareceu na C\u00e2mara de Vereadores de Francisco Beltr\u00e3o na sess\u00e3o de ter\u00e7a-feira (23) Willian Amann, presidente do Conselho de Acompanhamento e Controle Social do Fundeb (Fundo de Manuten\u00e7\u00e3o e Desenvolvimento da Educa\u00e7\u00e3o B\u00e1sica e de Valoriza\u00e7\u00e3o dos Profissionais da Educa\u00e7\u00e3o). Ele veio ao Legislativo a convite dos vereadores Silmar Gallina e Maria de F\u00e1tima.</span></p>\r\n<p>\u00a0\u00a0\u00a0\u00a0\u00a0 O Fundeb \u00e9 o fundo permanente que financia a educa\u00e7\u00e3o b\u00e1sica p\u00fablica brasileira e a remunera\u00e7\u00e3o dos profissionais da \u00e1rea.\u00a0Criado em 2020, ele re\u00fane recursos de impostos estaduais, municipais e federais para redistribu\u00ed-los, com a meta de reduzir as desigualdades entre as redes de ensino do pa\u00eds.\u00a0</p>\r\n<p>\u00a0\u00a0\u00a0\u00a0\u00a0 Willian repassou informa\u00e7\u00f5es sobre a distribui\u00e7\u00e3o e aplica\u00e7\u00e3o de recursos aos CMEIs de jornada parcial e integral, a destina\u00e7\u00e3o para as escolas municipais, crit\u00e9rios de c\u00e1lculo para o repasse do fundo e poss\u00edveis ajustes na utiliza\u00e7\u00e3o dos recursos.</p>\r\n<p>\u00a0\u00a0\u00a0\u00a0\u00a0\u00a0 \u201c\u00c9 importante que os vereadores tenham conhecimento sobre o dinheiro que recebemos do fundo e suas destina\u00e7\u00f5es para a rede p\u00fablica municipal. A explana\u00e7\u00e3o nos deixou informados sobre o que o munic\u00edpio recebe e a distribui\u00e7\u00e3o que \u00e9 feita para a manuten\u00e7\u00e3o das escolas e CMEIs\u201d, explicam Maria de F\u00e1tima e Silmar Gallina.</p>", "author_name": "", "version": "1.0", "author_url": "https://www.franciscobeltrao.pr.leg.br/author/claudiney", "provider_name": "C\u00c2MARA DE VEREADORES", "type": "rich"}